{"id":1517,"date":"2019-08-04T20:42:00","date_gmt":"2019-08-04T18:42:00","guid":{"rendered":"https:\/\/www.raffaelegualtieri.com\/portale\/?p=1517"},"modified":"2019-08-04T20:42:00","modified_gmt":"2019-08-04T18:42:00","slug":"i-rischi-per-la-mancata-certificazione-f-gas","status":"publish","type":"post","link":"https:\/\/www.raffaelegualtieri.com\/portale\/news\/i-rischi-per-la-mancata-certificazione-f-gas\/","title":{"rendered":"I rischi per la mancata certificazione F-GAS"},"content":{"rendered":"<p>La certificazione F-gas \u00e8 un documento obbligatorio che certifica il personale e le imprese che gestiscono i gas fluorurati (f-gas) responsabili dell\u2019effetto serra. La prevenzione delle emissioni di gas fluorurato \u00e8 considerata una priorit\u00e0,per questo sono state emanate regole e normative ad hoc in cui sono state indicate anche le modalit\u00e0 di prevenzione e controllo di tali emissioni.<\/p>\n<p>Qualora un cliente accettasse il lavoro da parte di un installatore non certificato, il rischio in cui incorre \u00e8 di pesanti sanzioni amministrative e pecuniarie, come specifica il DL n.26 del 05\/03\/2013. Ovviamente anche l\u2019installatore abusivo rischia lo stesso.<\/p>\n<p>Lo stesso vale anche per la vendita e l\u2019acquisto dei gas fluorurati, che possono essere effettuate solo da imprese in possesso della certificazione F-GAS o che si avvalgono di personale certificato. Quindi ogni fornitore deve tenere un registro per tracciare acquisti e acquirenti. Senza la certificazione in oggetto, inoltre, nessun tecnico pu\u00f2 installare un condizionatore nuovo.<\/p>\n","protected":false},"excerpt":{"rendered":"<p>La certificazione F-gas \u00e8 un documento obbligatorio che certifica il personale e le imprese che gestiscono i gas fluorurati (f-gas) responsabili dell\u2019effetto serra. La prevenzione delle emissioni di gas fluorurato&hellip;<\/p>\n","protected":false},"author":1,"featured_media":0,"comment_status":"closed","ping_status":"closed","sticky":false,"template":"","format":"standard","meta":{"_uag_custom_page_level_css":"","footnotes":""},"categories":[74],"tags":[],"yst_prominent_words":[],"class_list":["post-1517","post","type-post","status-publish","format-standard","hentry","category-news"],"uagb_featured_image_src":{"full":false,"thumbnail":false,"medium":false,"medium_large":false,"large":false,"1536x1536":false,"2048x2048":false,"penci-single-full":false,"penci-slider-full-thumb":false,"penci-full-thumb":false,"penci-slider-thumb":false,"penci-magazine-slider":false,"penci-thumb":false,"penci-masonry-thumb":false,"penci-thumb-square":false,"penci-thumb-vertical":false,"penci-thumb-small":false},"uagb_author_info":{"display_name":"RaffaeleGualtieri","author_link":"https:\/\/www.raffaelegualtieri.com\/portale\/author\/gabriel\/"},"uagb_comment_info":0,"uagb_excerpt":"La certificazione F-gas \u00e8 un documento obbligatorio che certifica il personale e le imprese che gestiscono i gas fluorurati (f-gas) responsabili dell\u2019effetto serra. La prevenzione delle emissioni di gas fluorurato&hellip;","_links":{"self":[{"href":"https:\/\/www.raffaelegualtieri.com\/portale\/wp-json\/wp\/v2\/posts\/1517","targetHints":{"allow":["GET"]}}],"collection":[{"href":"https:\/\/www.raffaelegualtieri.com\/portale\/wp-json\/wp\/v2\/posts"}],"about":[{"href":"https:\/\/www.raffaelegualtieri.com\/portale\/wp-json\/wp\/v2\/types\/post"}],"author":[{"embeddable":true,"href":"https:\/\/www.raffaelegualtieri.com\/portale\/wp-json\/wp\/v2\/users\/1"}],"replies":[{"embeddable":true,"href":"https:\/\/www.raffaelegualtieri.com\/portale\/wp-json\/wp\/v2\/comments?post=1517"}],"version-history":[{"count":1,"href":"https:\/\/www.raffaelegualtieri.com\/portale\/wp-json\/wp\/v2\/posts\/1517\/revisions"}],"predecessor-version":[{"id":1518,"href":"https:\/\/www.raffaelegualtieri.com\/portale\/wp-json\/wp\/v2\/posts\/1517\/revisions\/1518"}],"wp:attachment":[{"href":"https:\/\/www.raffaelegualtieri.com\/portale\/wp-json\/wp\/v2\/media?parent=1517"}],"wp:term":[{"taxonomy":"category","embeddable":true,"href":"https:\/\/www.raffaelegualtieri.com\/portale\/wp-json\/wp\/v2\/categories?post=1517"},{"taxonomy":"post_tag","embeddable":true,"href":"https:\/\/www.raffaelegualtieri.com\/portale\/wp-json\/wp\/v2\/tags?post=1517"},{"taxonomy":"yst_prominent_words","embeddable":true,"href":"https:\/\/www.raffaelegualtieri.com\/portale\/wp-json\/wp\/v2\/yst_prominent_words?post=1517"}],"curies":[{"name":"wp","href":"https:\/\/api.w.org\/{rel}","templated":true}]}}