{"id":1529,"date":"2019-08-04T20:51:52","date_gmt":"2019-08-04T18:51:52","guid":{"rendered":"https:\/\/www.raffaelegualtieri.com\/portale\/?p=1529"},"modified":"2019-08-04T20:51:52","modified_gmt":"2019-08-04T18:51:52","slug":"aria-condizionata-aiuta-a-combattere-le-zanzare","status":"publish","type":"post","link":"https:\/\/www.raffaelegualtieri.com\/portale\/news\/aria-condizionata-aiuta-a-combattere-le-zanzare\/","title":{"rendered":"L\u2019aria condizionata pu\u00f2 aiutare a combattere le zanzare?"},"content":{"rendered":"<p>In realt\u00e0 l\u2019aria fredda dei condizionatori non \u00e8 un rimedio efficace contro le zanzare. Questi insetti, infatti, hanno una straordinaria capacit\u00e0 di adattamento e quindi, difficilmente, subirebbero grossi danni da temperature pi\u00f9 fresche. Anzi l&#8217;aria fresca contribuire alla loro proliferazione. Quindi l&#8217;aria fredda non elimina le zanzare, la condensa aiuta le zanzare!<\/p>\n<p>Questo rappresenta un ottimo ambiente per la proliferazione delle zanzare e se il contenitore in questione si trova sul balcone (o in luoghi in prossimit\u00e0 dell\u2019abitazione), i fastidiosi insetti avrebbero davvero la vita facilitata. I metodi per proteggersi dalle zanzare sono quelli classici: zanziere a protezione delle finestre, repellenti o palette.<\/p>\n","protected":false},"excerpt":{"rendered":"<p>In realt\u00e0 l\u2019aria fredda dei condizionatori non \u00e8 un rimedio efficace contro le zanzare. Questi insetti, infatti, hanno una straordinaria capacit\u00e0 di adattamento e quindi, difficilmente, subirebbero grossi danni da&hellip;<\/p>\n","protected":false},"author":1,"featured_media":0,"comment_status":"closed","ping_status":"closed","sticky":false,"template":"","format":"standard","meta":{"_uag_custom_page_level_css":"","footnotes":""},"categories":[74],"tags":[],"yst_prominent_words":[],"class_list":["post-1529","post","type-post","status-publish","format-standard","hentry","category-news"],"uagb_featured_image_src":{"full":false,"thumbnail":false,"medium":false,"medium_large":false,"large":false,"1536x1536":false,"2048x2048":false,"penci-single-full":false,"penci-slider-full-thumb":false,"penci-full-thumb":false,"penci-slider-thumb":false,"penci-magazine-slider":false,"penci-thumb":false,"penci-masonry-thumb":false,"penci-thumb-square":false,"penci-thumb-vertical":false,"penci-thumb-small":false},"uagb_author_info":{"display_name":"RaffaeleGualtieri","author_link":"https:\/\/www.raffaelegualtieri.com\/portale\/author\/gabriel\/"},"uagb_comment_info":0,"uagb_excerpt":"In realt\u00e0 l\u2019aria fredda dei condizionatori non \u00e8 un rimedio efficace contro le zanzare. Questi insetti, infatti, hanno una straordinaria capacit\u00e0 di adattamento e quindi, difficilmente, subirebbero grossi danni da&hellip;","_links":{"self":[{"href":"https:\/\/www.raffaelegualtieri.com\/portale\/wp-json\/wp\/v2\/posts\/1529","targetHints":{"allow":["GET"]}}],"collection":[{"href":"https:\/\/www.raffaelegualtieri.com\/portale\/wp-json\/wp\/v2\/posts"}],"about":[{"href":"https:\/\/www.raffaelegualtieri.com\/portale\/wp-json\/wp\/v2\/types\/post"}],"author":[{"embeddable":true,"href":"https:\/\/www.raffaelegualtieri.com\/portale\/wp-json\/wp\/v2\/users\/1"}],"replies":[{"embeddable":true,"href":"https:\/\/www.raffaelegualtieri.com\/portale\/wp-json\/wp\/v2\/comments?post=1529"}],"version-history":[{"count":1,"href":"https:\/\/www.raffaelegualtieri.com\/portale\/wp-json\/wp\/v2\/posts\/1529\/revisions"}],"predecessor-version":[{"id":1530,"href":"https:\/\/www.raffaelegualtieri.com\/portale\/wp-json\/wp\/v2\/posts\/1529\/revisions\/1530"}],"wp:attachment":[{"href":"https:\/\/www.raffaelegualtieri.com\/portale\/wp-json\/wp\/v2\/media?parent=1529"}],"wp:term":[{"taxonomy":"category","embeddable":true,"href":"https:\/\/www.raffaelegualtieri.com\/portale\/wp-json\/wp\/v2\/categories?post=1529"},{"taxonomy":"post_tag","embeddable":true,"href":"https:\/\/www.raffaelegualtieri.com\/portale\/wp-json\/wp\/v2\/tags?post=1529"},{"taxonomy":"yst_prominent_words","embeddable":true,"href":"https:\/\/www.raffaelegualtieri.com\/portale\/wp-json\/wp\/v2\/yst_prominent_words?post=1529"}],"curies":[{"name":"wp","href":"https:\/\/api.w.org\/{rel}","templated":true}]}}