{"id":861,"date":"2017-10-01T20:33:21","date_gmt":"2017-10-01T18:33:21","guid":{"rendered":"https:\/\/www.raffaelegualtieri.com\/gabri\/?p=861"},"modified":"2017-10-23T00:47:21","modified_gmt":"2017-10-22T22:47:21","slug":"aspirazione-centralizzata-tubo","status":"publish","type":"post","link":"https:\/\/www.raffaelegualtieri.com\/portale\/prodotti\/aspirazione-centralizzata-tubo\/","title":{"rendered":"Aspirazione Centralizzata Tub\u00f2"},"content":{"rendered":"<p><img fetchpriority=\"high\" decoding=\"async\" class=\"alignnone wp-image-1145 size-full\" src=\"https:\/\/www.raffaelegualtieri.com\/portale\/locale\/2017\/10\/tubo_slide.png\" alt=\"Aspirazione Tub\u00f2\" width=\"2000\" height=\"450\" srcset=\"https:\/\/www.raffaelegualtieri.com\/portale\/wp-content\/uploads\/2017\/10\/tubo_slide.png 2000w, https:\/\/www.raffaelegualtieri.com\/portale\/wp-content\/uploads\/2017\/10\/tubo_slide-300x68.png 300w, https:\/\/www.raffaelegualtieri.com\/portale\/wp-content\/uploads\/2017\/10\/tubo_slide-768x173.png 768w, https:\/\/www.raffaelegualtieri.com\/portale\/wp-content\/uploads\/2017\/10\/tubo_slide-1024x230.png 1024w\" sizes=\"(max-width: 2000px) 100vw, 2000px\" \/><\/p>\n<h2>Perch\u00e8 Tub\u00f2?<\/h2>\n<p>Tub\u00f2 \u00e8 il sistema aspirapolvere centralizzato composto da una centrale aspirante collegata a prese a parete per mezzo di una rete di tubi sotto pavimento. Inserendo il tubo flessibile nelle prese, la centrale si attiva e polveri, micropolveri ed acari, principali cause di allergie e gravi disturbi dell\u2019apparato respiratorio, vengono aspirati e trasportati verso quest\u2019ultima. A differenza dei normali aspirapolvere, TUB\u00d2 non rimette in circolo le polveri ma le asporta totalmente, garantendo una pulizia pi\u00f9 profonda ed accurata.<\/p>\n<p>Tub\u00f2 \u00e8 molto pratico e facile da usare grazie al maneggevole e leggerissimo tubo flessibile che consente di raggiungere facilmente ogni angolo della casa; inoltre, dato che la centrale aspirante si trova in un ambiente separato, garantisce un assoluto silenzio, consentendo di fare le pulizie a qualunque ora.<\/p>\n<p><img decoding=\"async\" class=\"alignleft wp-image-1144 size-medium\" src=\"https:\/\/www.raffaelegualtieri.com\/portale\/locale\/2017\/10\/tubo_esempi-300x175.png\" alt=\"Aspirazione Tub\u00f2\" width=\"300\" height=\"175\" srcset=\"https:\/\/www.raffaelegualtieri.com\/portale\/wp-content\/uploads\/2017\/10\/tubo_esempi-300x175.png 300w, https:\/\/www.raffaelegualtieri.com\/portale\/wp-content\/uploads\/2017\/10\/tubo_esempi-768x449.png 768w, https:\/\/www.raffaelegualtieri.com\/portale\/wp-content\/uploads\/2017\/10\/tubo_esempi.png 770w\" sizes=\"(max-width: 300px) 100vw, 300px\" \/>Uno strumento di lavoro finalmente versatile ad interfaccia userfriendly nato per rispondere alle esigenze funzionali di una clientela dinamica ed evoluta che consente sia all&#8217;installatore che all&#8217;utente di interagire con la macchina in modo semplice e immediato.<\/p>\n<p>La conferma dell&#8217;esperienza di Aertecnica che da 25 anni esprime costantemente altissimi contenuti in ricerca e tecnologia, garantendo agli installatori un prodotto affidabile, silenzioso, di rapida installazione e a manutenzione ridotta.<\/p>\n<p>Accanto alle caratteristiche gi\u00e0 presenti (ingresso tangenziale, sistema di avviamento SOFT START, filtro lavabile e sensore di temperatura), la nuova Linea Perfetto TPA e TP propone una serie di vantaggi tecnici che ne migliorano l&#8217;efficienza e ne aumentano la praticit\u00e0.<\/p>\n<p>Il design al servizio della funzionalit\u00e0<\/p>\n<h2>Com\u00e8 Composto?<\/h2>\n<ul>\n<li><strong>DESIGN :<\/strong>\u00a0nuova immagine stilistica e affascinante delle linee forti. Bellezza autentica, design funzionale insieme ad un&#8217;estetica al di l\u00e0 di ogni trend. Materiale resistente.<\/li>\n<li><strong>DOPPIA ESPULSIONE ARIA (destra-sinistra):<\/strong>\u00a0novit\u00e0 che consente massima flessibilit\u00e0 di installazione, qualunque sia la posizione della centrale<\/li>\n<li><strong>PROTEZIONE ELETTRICA IP:<\/strong>\u00a0Le nuove centrali tpA- tp sono certificate con un alto grado di protezione in base al modello<\/li>\n<li><strong>SILENZIOSITA&#8217;:<\/strong>\u00a0Grazie all&#8217;utilizzo di nuovi materiali e ad un&#8217;ottimizzazione del vano tecnico del motore, \u00e8 stato ridotto ulteriormente il grado di rumorosit\u00e0.<\/li>\n<li><strong>DISPLAY AVI (A Visualizzazione Istantanea):<\/strong>\u00a0posizionato sulla parte frontale della centrale. E&#8217; uno strumento razionale e ben leggibile con indicazioni chiare, facilmente comprensibili grazie ad una serie di icone e di parametri, che segnalano immediatamente lo stato di funzionamento della macchina.<\/li>\n<li><strong>SISTEMA COMUNICAZIONE MODBUS:<\/strong>\u00a0Le nuove centrali TPA e TP sono dotate di un sistema di comunicazione MODBUS interfacciabile coni sistemi domOtici pi\u00f9 diffusi nel mercato.<\/li>\n<li>Elevato grado di\u00a0<strong>RESISTENZA AGLI AGENTI ATMOSFERICI:<\/strong>\u00a0la centrale \u00e8 realizzata in materiale altamente resistente a cui viene applicata una vernice garantita e certificata per 1000 ore di nebbia salina. Pu\u00d2 essere installata anche all&#8217;esterno.<\/li>\n<li><strong>DOPPIO INGRESSO POLVERI:<\/strong>\u00a0possibilit\u00e0 di collegamento della rete tubiera alla centrale, sia sul lato destro che su quello sinistro.<\/li>\n<li><strong>PRESA ASPIRANTE INTEGRATA:<\/strong>\u00a0Le nuove centrali TPA e TP, sono dotate di una presa aspirante integrata sul fronte della macchina.<\/li>\n<li><strong>SISTEMA APF (Auto Pulizia Filtro)*:<\/strong>\u00a0un sistema innovativo e brevettato di abbattimento delle polveri per vibrazione. Riduce le operazioni di manutenzione, e mantiene la capacit\u00e0 di aspirazione della centrale, ai livelli ottimali per tempi pi\u00f9 lunghi. *SOLO PER I MODELLI TPA Europe Patent Pending n. 06793421.6<\/li>\n<li><strong>STAFFA QUICK FIX:<\/strong>\u00a0la nuova staffa con sistema di aggancio frontale, permette l&#8217;installazione in spazi ridottissimi e migliora la stabilit\u00e0 del fissaggio a parete<\/li>\n<li><strong>TASCHE LATERALI MULTIFUNZIONE:<\/strong>\u00a0pratiche e comode per contenere manuale d&#8217;installazione ed i sacchetti di ricambio. (Escluso modelli TP1A- TP1)<\/li>\n<li><strong>MANIGLIE ERGONOMICHE:<\/strong>\u00a0le nuove maniglie facilitano le operazioni di apertura e di sgancio del contenitore delle polveri.<\/li>\n<li><strong>CLEAN BAG:<\/strong>\u00a0sacchetti di raccolta delle polveri, con sistema di chiusura ermetica, che evita completamente il contatto diretto con le polveri.<\/li>\n<li><strong>CONTENITORE POLVERI:<\/strong>\u00a0Nuovo sistema di aggancio e sgancio facilitato, con possibilit\u00e0 di apertura parziale del contenitore, per azionare il sistema di chiusura ermetica del sacchetto Clean Bag.<\/li>\n<li><strong>SISTEMA DI BLOCCAGGIO DEL SACCHETTO CLEAN BAG<\/strong>\u00a0ad aggancio rapido del sacchetto Clean Bag al contenitore delle polveri, mediante clips a pressione.<\/li>\n<\/ul>\n<h4>Massima Integrazione<\/h4>\n<div style=\"width: 640px;\" class=\"wp-video\"><video class=\"wp-video-shortcode\" id=\"video-861-1\" width=\"640\" height=\"352\" autoplay preload=\"metadata\" controls=\"controls\"><source type=\"video\/mp4\" src=\"https:\/\/www.raffaelegualtieri.com\/portale\/wp-content\/uploads\/2017\/10\/tub\u00f2.mp4?_=1\" \/><a href=\"https:\/\/www.raffaelegualtieri.com\/portale\/wp-content\/uploads\/2017\/10\/tub\u00f2.mp4\">https:\/\/www.raffaelegualtieri.com\/portale\/wp-content\/uploads\/2017\/10\/tub\u00f2.mp4<\/a><\/video><\/div>\n<ul>\n<li>PRATICO \u00e8 leggero e funzionale.<\/li>\n<li>\u00c8 caratterizzato da un&#8217;armonia dei particolari che lo rendono una perfetta fusione tra stile e praticit\u00e0.<\/li>\n<li>Pu\u00f2 essere verniciato dello stesso colore della parete. PRATICO diventer\u00e0 una presenza discreta e piacevolmente integrata nell&#8217;ambiente.<\/li>\n<\/ul>\n<h4>Vantaggi di PRATICO<\/h4>\n<ol>\n<li>COMODO: Non serve pi\u00f9 trasportare, avvolgere e riposizionare il tubo flessibile, dopo aver pulito.<\/li>\n<li>VELOCE: Pulizie ancora pi\u00f9 rapide. Con un semplice gesto si apre lo sportello, si sfila il tubo flessibile e PRATICO \u00e8 pronto all&#8217;uso.<\/li>\n<li>POCO INGOMBRANTE: Il tubo flessibile scompare nella parete. Non serve un ripostiglio per nasconderlo.<\/li>\n<\/ol>\n<h4>Componenti di PRATICO<\/h4>\n<ol>\n<li>Sportello reversibile, verniciabile<\/li>\n<li>Presa PRATICO reversibile<\/li>\n<li>Coperchio provvisorio per la contropresa PRATICO<\/li>\n<li>Contropresa PRATICO per cartongesso<\/li>\n<\/ol>\n<p><img decoding=\"async\" class=\"aligncenter wp-image-1143 size-full\" src=\"https:\/\/www.raffaelegualtieri.com\/portale\/wp-content\/uploads\/2017\/10\/tubo_composizione.png\" alt=\"\" width=\"770\" height=\"450\" \/><\/p>\n","protected":false},"excerpt":{"rendered":"<p>Perch\u00e8 Tub\u00f2? Tub\u00f2 \u00e8 il sistema aspirapolvere centralizzato composto da una centrale aspirante collegata a prese a parete per mezzo di una rete di tubi sotto pavimento. Inserendo il tubo&hellip;<\/p>\n","protected":false},"author":1,"featured_media":0,"comment_status":"closed","ping_status":"open","sticky":false,"template":"","format":"standard","meta":{"_uag_custom_page_level_css":"","footnotes":""},"categories":[57],"tags":[70,77],"yst_prominent_words":[],"class_list":["post-861","post","type-post","status-publish","format-standard","hentry","category-prodotti","tag-aspirazione-centralizzata","tag-tubo"],"uagb_featured_image_src":{"full":false,"thumbnail":false,"medium":false,"medium_large":false,"large":false,"1536x1536":false,"2048x2048":false,"penci-single-full":false,"penci-slider-full-thumb":false,"penci-full-thumb":false,"penci-slider-thumb":false,"penci-magazine-slider":false,"penci-thumb":false,"penci-masonry-thumb":false,"penci-thumb-square":false,"penci-thumb-vertical":false,"penci-thumb-small":false},"uagb_author_info":{"display_name":"RaffaeleGualtieri","author_link":"https:\/\/www.raffaelegualtieri.com\/portale\/author\/gabriel\/"},"uagb_comment_info":0,"uagb_excerpt":"Perch\u00e8 Tub\u00f2? Tub\u00f2 \u00e8 il sistema aspirapolvere centralizzato composto da una centrale aspirante collegata a prese a parete per mezzo di una rete di tubi sotto pavimento. Inserendo il tubo&hellip;","_links":{"self":[{"href":"https:\/\/www.raffaelegualtieri.com\/portale\/wp-json\/wp\/v2\/posts\/861","targetHints":{"allow":["GET"]}}],"collection":[{"href":"https:\/\/www.raffaelegualtieri.com\/portale\/wp-json\/wp\/v2\/posts"}],"about":[{"href":"https:\/\/www.raffaelegualtieri.com\/portale\/wp-json\/wp\/v2\/types\/post"}],"author":[{"embeddable":true,"href":"https:\/\/www.raffaelegualtieri.com\/portale\/wp-json\/wp\/v2\/users\/1"}],"replies":[{"embeddable":true,"href":"https:\/\/www.raffaelegualtieri.com\/portale\/wp-json\/wp\/v2\/comments?post=861"}],"version-history":[{"count":11,"href":"https:\/\/www.raffaelegualtieri.com\/portale\/wp-json\/wp\/v2\/posts\/861\/revisions"}],"predecessor-version":[{"id":865,"href":"https:\/\/www.raffaelegualtieri.com\/portale\/wp-json\/wp\/v2\/posts\/861\/revisions\/865"}],"wp:attachment":[{"href":"https:\/\/www.raffaelegualtieri.com\/portale\/wp-json\/wp\/v2\/media?parent=861"}],"wp:term":[{"taxonomy":"category","embeddable":true,"href":"https:\/\/www.raffaelegualtieri.com\/portale\/wp-json\/wp\/v2\/categories?post=861"},{"taxonomy":"post_tag","embeddable":true,"href":"https:\/\/www.raffaelegualtieri.com\/portale\/wp-json\/wp\/v2\/tags?post=861"},{"taxonomy":"yst_prominent_words","embeddable":true,"href":"https:\/\/www.raffaelegualtieri.com\/portale\/wp-json\/wp\/v2\/yst_prominent_words?post=861"}],"curies":[{"name":"wp","href":"https:\/\/api.w.org\/{rel}","templated":true}]}}